{"id":157,"date":"2024-06-19T16:40:06","date_gmt":"2024-06-19T19:40:06","guid":{"rendered":"https:\/\/www.amic.org.br\/blog\/?p=157"},"modified":"2024-06-19T16:40:09","modified_gmt":"2024-06-19T19:40:09","slug":"a-importancia-da-saude-mental-e-do-bem-estar-emocional-das-criancas","status":"publish","type":"post","link":"https:\/\/www.amic.org.br\/blog\/a-importancia-da-saude-mental-e-do-bem-estar-emocional-das-criancas\/","title":{"rendered":"A Import\u00e2ncia da Sa\u00fade Mental e do Bem-Estar Emocional das Crian\u00e7as"},"content":{"rendered":"\n<h4 class=\"wp-block-heading\"><strong>Introdu\u00e7\u00e3o<\/strong><\/h4>\n\n\n\n<p>No desenvolvimento de uma crian\u00e7a, aspectos como sa\u00fade f\u00edsica e educa\u00e7\u00e3o s\u00e3o frequentemente destacados. No entanto, a sa\u00fade mental e o bem-estar emocional s\u00e3o igualmente cruciais para garantir que as crian\u00e7as cres\u00e7am de maneira saud\u00e1vel e equilibrada. Este artigo explora a import\u00e2ncia desses elementos e como podemos promov\u00ea-los de forma eficaz.<\/p>\n\n\n\n<h4 class=\"wp-block-heading\"><strong>O Que \u00c9 Sa\u00fade Mental Infantil?<\/strong><\/h4>\n\n\n\n<p>A sa\u00fade mental infantil envolve a capacidade das crian\u00e7as de experimentar, regular e expressar emo\u00e7\u00f5es; formar relacionamentos pr\u00f3ximos e seguros; e explorar o ambiente e aprender. Ela \u00e9 fundamental para o desenvolvimento social, emocional e cognitivo.<\/p>\n\n\n\n<h4 class=\"wp-block-heading\"><strong>Por Que a Sa\u00fade Mental \u00e9 Importante?<\/strong><\/h4>\n\n\n\n<ol class=\"wp-block-list\">\n<li><strong>Desenvolvimento Cognitivo<\/strong>: Crian\u00e7as emocionalmente saud\u00e1veis s\u00e3o mais propensas a se envolverem em atividades educacionais e a aprenderem de maneira eficaz. A sa\u00fade mental positiva contribui para melhor desempenho acad\u00eamico e maiores habilidades de resolu\u00e7\u00e3o de problemas.<\/li>\n\n\n\n<li><strong>Rela\u00e7\u00f5es Saud\u00e1veis<\/strong>: A capacidade de formar e manter relacionamentos saud\u00e1veis \u00e9 vital para o bem-estar emocional. Crian\u00e7as que aprendem a expressar e gerenciar suas emo\u00e7\u00f5es constroem la\u00e7os mais fortes e positivos com seus pares e adultos.<\/li>\n\n\n\n<li><strong>Resili\u00eancia<\/strong>: A sa\u00fade mental robusta fornece \u00e0s crian\u00e7as as ferramentas necess\u00e1rias para enfrentar e superar desafios. A resili\u00eancia, ou a capacidade de se recuperar de dificuldades, \u00e9 essencial para o sucesso a longo prazo.<\/li>\n<\/ol>\n\n\n\n<h4 class=\"wp-block-heading\"><strong>Sinais de Problemas de Sa\u00fade Mental em Crian\u00e7as<\/strong><\/h4>\n\n\n\n<p>\u00c9 importante que pais, educadores e cuidadores estejam atentos aos sinais de problemas de sa\u00fade mental, que podem incluir:<\/p>\n\n\n\n<ul class=\"wp-block-list\">\n<li>Mudan\u00e7as significativas no comportamento ou humor<\/li>\n\n\n\n<li>Dificuldade em se concentrar ou completar tarefas<\/li>\n\n\n\n<li>Isolamento social<\/li>\n\n\n\n<li>Dificuldades de sono<\/li>\n\n\n\n<li>Comportamento agressivo ou autodestrutivo<\/li>\n<\/ul>\n\n\n\n<h4 class=\"wp-block-heading\"><strong>Como Promover a Sa\u00fade Mental e o Bem-Estar Emocional<\/strong><\/h4>\n\n\n\n<ol class=\"wp-block-list\">\n<li><strong>Ambiente de Apoio<\/strong>: Criar um ambiente seguro e acolhedor onde as crian\u00e7as se sintam valorizadas e amadas \u00e9 fundamental. Isso inclui a oferta de estabilidade e consist\u00eancia nas rotinas di\u00e1rias.<\/li>\n\n\n\n<li><strong>Comunica\u00e7\u00e3o Aberta<\/strong>: Incentivar as crian\u00e7as a falar sobre seus sentimentos e emo\u00e7\u00f5es ajuda a desenvolver habilidades de express\u00e3o emocional. Ouvir com aten\u00e7\u00e3o e validar seus sentimentos s\u00e3o pr\u00e1ticas importantes.<\/li>\n\n\n\n<li><strong>Educa\u00e7\u00e3o Emocional<\/strong>: Ensinar as crian\u00e7as sobre emo\u00e7\u00f5es e como gerenci\u00e1-las \u00e9 uma ferramenta poderosa. Programas de educa\u00e7\u00e3o socioemocional nas escolas podem fornecer suporte adicional.<\/li>\n\n\n\n<li><strong>Atividades Recreativas<\/strong>: Participar de atividades f\u00edsicas e recreativas n\u00e3o s\u00f3 melhora a sa\u00fade f\u00edsica, mas tamb\u00e9m reduz o estresse e melhora o humor.<\/li>\n\n\n\n<li><strong>Apoio Profissional<\/strong>: Quando necess\u00e1rio, buscar apoio de profissionais de sa\u00fade mental, como psic\u00f3logos e terapeutas, pode ser essencial para abordar problemas mais profundos.<\/li>\n<\/ol>\n\n\n\n<h4 class=\"wp-block-heading\"><strong>Conclus\u00e3o<\/strong><\/h4>\n\n\n\n<p>A sa\u00fade mental e o bem-estar emocional das crian\u00e7as s\u00e3o pilares fundamentais para um desenvolvimento equilibrado e feliz. Ao promover um ambiente de apoio, comunica\u00e7\u00e3o aberta, educa\u00e7\u00e3o emocional e atividades recreativas, podemos ajudar nossas crian\u00e7as a crescerem resilientes e realizadas. \u00c9 responsabilidade de todos \u2013 pais, educadores, cuidadores e a comunidade em geral \u2013 garantir que as crian\u00e7as tenham o suporte necess\u00e1rio para prosperar.<\/p>\n","protected":false},"excerpt":{"rendered":"<p>Introdu\u00e7\u00e3o No desenvolvimento de uma crian\u00e7a, aspectos como sa\u00fade f\u00edsica e educa\u00e7\u00e3o s\u00e3o frequentemente destacados. No entanto, a sa\u00fade mental e o bem-estar emocional s\u00e3o igualmente cruciais para garantir que as crian\u00e7as cres\u00e7am de maneira saud\u00e1vel e equilibrada. Este artigo explora a import\u00e2ncia desses elementos e como podemos promov\u00ea-los de forma eficaz. O Que \u00c9 &hellip; <a href=\"https:\/\/www.amic.org.br\/blog\/a-importancia-da-saude-mental-e-do-bem-estar-emocional-das-criancas\/\">Continua<\/a><\/p>\n","protected":false},"author":2,"featured_media":158,"comment_status":"closed","ping_status":"open","sticky":false,"template":"","format":"standard","meta":{"footnotes":""},"categories":[1],"tags":[],"class_list":["post-157","post","type-post","status-publish","format-standard","has-post-thumbnail","hentry","category-sem-categoria"],"acf":[],"yoast_head":"<!-- This site is optimized with the Yoast SEO plugin v23.7 - https:\/\/yoast.com\/wordpress\/plugins\/seo\/ -->\n<title>A Import\u00e2ncia da Sa\u00fade Mental e do Bem-Estar Emocional das Crian\u00e7as - AMIC Blog<\/title>\n<meta name=\"robots\" content=\"index, follow, max-snippet:-1, max-image-preview:large, max-video-preview:-1\" \/>\n<link rel=\"canonical\" href=\"https:\/\/www.amic.org.br\/blog\/a-importancia-da-saude-mental-e-do-bem-estar-emocional-das-criancas\/\" \/>\n<meta property=\"og:locale\" content=\"pt_BR\" \/>\n<meta property=\"og:type\" content=\"article\" \/>\n<meta property=\"og:title\" content=\"A Import\u00e2ncia da Sa\u00fade Mental e do Bem-Estar Emocional das Crian\u00e7as - AMIC Blog\" \/>\n<meta property=\"og:description\" content=\"Introdu\u00e7\u00e3o No desenvolvimento de uma crian\u00e7a, aspectos como sa\u00fade f\u00edsica e educa\u00e7\u00e3o s\u00e3o frequentemente destacados. No entanto, a sa\u00fade mental e o bem-estar emocional s\u00e3o igualmente cruciais para garantir que as crian\u00e7as cres\u00e7am de maneira saud\u00e1vel e equilibrada. Este artigo explora a import\u00e2ncia desses elementos e como podemos promov\u00ea-los de forma eficaz. O Que \u00c9 &hellip; Continua\" \/>\n<meta property=\"og:url\" content=\"https:\/\/www.amic.org.br\/blog\/a-importancia-da-saude-mental-e-do-bem-estar-emocional-das-criancas\/\" \/>\n<meta property=\"og:site_name\" content=\"AMIC Blog\" \/>\n<meta property=\"article:published_time\" content=\"2024-06-19T19:40:06+00:00\" \/>\n<meta property=\"article:modified_time\" content=\"2024-06-19T19:40:09+00:00\" \/>\n<meta property=\"og:image\" content=\"https:\/\/www.amic.org.br\/blog\/wp-content\/uploads\/2024\/06\/importancia-saude-mental-criancas.jpg\" \/>\n\t<meta property=\"og:image:width\" content=\"1080\" \/>\n\t<meta property=\"og:image:height\" content=\"1080\" \/>\n\t<meta property=\"og:image:type\" content=\"image\/jpeg\" \/>\n<meta name=\"author\" content=\"Praxys Web\" \/>\n<meta name=\"twitter:card\" content=\"summary_large_image\" \/>\n<meta name=\"twitter:label1\" content=\"Escrito por\" \/>\n\t<meta name=\"twitter:data1\" content=\"Praxys Web\" \/>\n\t<meta name=\"twitter:label2\" content=\"Est. tempo de leitura\" \/>\n\t<meta name=\"twitter:data2\" content=\"3 minutos\" \/>\n<script type=\"application\/ld+json\" class=\"yoast-schema-graph\">{\"@context\":\"https:\/\/schema.org\",\"@graph\":[{\"@type\":\"WebPage\",\"@id\":\"https:\/\/www.amic.org.br\/blog\/a-importancia-da-saude-mental-e-do-bem-estar-emocional-das-criancas\/\",\"url\":\"https:\/\/www.amic.org.br\/blog\/a-importancia-da-saude-mental-e-do-bem-estar-emocional-das-criancas\/\",\"name\":\"A Import\u00e2ncia da Sa\u00fade Mental e do Bem-Estar Emocional das Crian\u00e7as - AMIC Blog\",\"isPartOf\":{\"@id\":\"https:\/\/www.amic.org.br\/blog\/#website\"},\"primaryImageOfPage\":{\"@id\":\"https:\/\/www.amic.org.br\/blog\/a-importancia-da-saude-mental-e-do-bem-estar-emocional-das-criancas\/#primaryimage\"},\"image\":{\"@id\":\"https:\/\/www.amic.org.br\/blog\/a-importancia-da-saude-mental-e-do-bem-estar-emocional-das-criancas\/#primaryimage\"},\"thumbnailUrl\":\"https:\/\/www.amic.org.br\/blog\/wp-content\/uploads\/2024\/06\/importancia-saude-mental-criancas.jpg\",\"datePublished\":\"2024-06-19T19:40:06+00:00\",\"dateModified\":\"2024-06-19T19:40:09+00:00\",\"author\":{\"@id\":\"https:\/\/www.amic.org.br\/blog\/#\/schema\/person\/07ff9fa97361612e39d7310f670c11e3\"},\"breadcrumb\":{\"@id\":\"https:\/\/www.amic.org.br\/blog\/a-importancia-da-saude-mental-e-do-bem-estar-emocional-das-criancas\/#breadcrumb\"},\"inLanguage\":\"pt-BR\",\"potentialAction\":[{\"@type\":\"ReadAction\",\"target\":[\"https:\/\/www.amic.org.br\/blog\/a-importancia-da-saude-mental-e-do-bem-estar-emocional-das-criancas\/\"]}]},{\"@type\":\"ImageObject\",\"inLanguage\":\"pt-BR\",\"@id\":\"https:\/\/www.amic.org.br\/blog\/a-importancia-da-saude-mental-e-do-bem-estar-emocional-das-criancas\/#primaryimage\",\"url\":\"https:\/\/www.amic.org.br\/blog\/wp-content\/uploads\/2024\/06\/importancia-saude-mental-criancas.jpg\",\"contentUrl\":\"https:\/\/www.amic.org.br\/blog\/wp-content\/uploads\/2024\/06\/importancia-saude-mental-criancas.jpg\",\"width\":1080,\"height\":1080},{\"@type\":\"BreadcrumbList\",\"@id\":\"https:\/\/www.amic.org.br\/blog\/a-importancia-da-saude-mental-e-do-bem-estar-emocional-das-criancas\/#breadcrumb\",\"itemListElement\":[{\"@type\":\"ListItem\",\"position\":1,\"name\":\"In\u00edcio\",\"item\":\"https:\/\/www.amic.org.br\/blog\/\"},{\"@type\":\"ListItem\",\"position\":2,\"name\":\"A Import\u00e2ncia da Sa\u00fade Mental e do Bem-Estar Emocional das Crian\u00e7as\"}]},{\"@type\":\"WebSite\",\"@id\":\"https:\/\/www.amic.org.br\/blog\/#website\",\"url\":\"https:\/\/www.amic.org.br\/blog\/\",\"name\":\"AMIC Blog\",\"description\":\"Amigos da crian\u00e7a \u201cComo uma crian\u00e7a, amar\u201d\",\"potentialAction\":[{\"@type\":\"SearchAction\",\"target\":{\"@type\":\"EntryPoint\",\"urlTemplate\":\"https:\/\/www.amic.org.br\/blog\/?s={search_term_string}\"},\"query-input\":{\"@type\":\"PropertyValueSpecification\",\"valueRequired\":true,\"valueName\":\"search_term_string\"}}],\"inLanguage\":\"pt-BR\"},{\"@type\":\"Person\",\"@id\":\"https:\/\/www.amic.org.br\/blog\/#\/schema\/person\/07ff9fa97361612e39d7310f670c11e3\",\"name\":\"Praxys Web\",\"image\":{\"@type\":\"ImageObject\",\"inLanguage\":\"pt-BR\",\"@id\":\"https:\/\/www.amic.org.br\/blog\/#\/schema\/person\/image\/\",\"url\":\"http:\/\/2.gravatar.com\/avatar\/57c3da6cdc03af076e6f8a676b78876d?s=96&d=mm&r=g\",\"contentUrl\":\"http:\/\/2.gravatar.com\/avatar\/57c3da6cdc03af076e6f8a676b78876d?s=96&d=mm&r=g\",\"caption\":\"Praxys Web\"},\"url\":\"https:\/\/www.amic.org.br\/blog\/author\/praxys\/\"}]}<\/script>\n<!-- \/ Yoast SEO plugin. -->","yoast_head_json":{"title":"A Import\u00e2ncia da Sa\u00fade Mental e do Bem-Estar Emocional das Crian\u00e7as - AMIC Blog","robots":{"index":"index","follow":"follow","max-snippet":"max-snippet:-1","max-image-preview":"max-image-preview:large","max-video-preview":"max-video-preview:-1"},"canonical":"https:\/\/www.amic.org.br\/blog\/a-importancia-da-saude-mental-e-do-bem-estar-emocional-das-criancas\/","og_locale":"pt_BR","og_type":"article","og_title":"A Import\u00e2ncia da Sa\u00fade Mental e do Bem-Estar Emocional das Crian\u00e7as - AMIC Blog","og_description":"Introdu\u00e7\u00e3o No desenvolvimento de uma crian\u00e7a, aspectos como sa\u00fade f\u00edsica e educa\u00e7\u00e3o s\u00e3o frequentemente destacados. No entanto, a sa\u00fade mental e o bem-estar emocional s\u00e3o igualmente cruciais para garantir que as crian\u00e7as cres\u00e7am de maneira saud\u00e1vel e equilibrada. Este artigo explora a import\u00e2ncia desses elementos e como podemos promov\u00ea-los de forma eficaz. O Que \u00c9 &hellip; Continua","og_url":"https:\/\/www.amic.org.br\/blog\/a-importancia-da-saude-mental-e-do-bem-estar-emocional-das-criancas\/","og_site_name":"AMIC Blog","article_published_time":"2024-06-19T19:40:06+00:00","article_modified_time":"2024-06-19T19:40:09+00:00","og_image":[{"width":1080,"height":1080,"url":"https:\/\/www.amic.org.br\/blog\/wp-content\/uploads\/2024\/06\/importancia-saude-mental-criancas.jpg","type":"image\/jpeg"}],"author":"Praxys Web","twitter_card":"summary_large_image","twitter_misc":{"Escrito por":"Praxys Web","Est. tempo de leitura":"3 minutos"},"schema":{"@context":"https:\/\/schema.org","@graph":[{"@type":"WebPage","@id":"https:\/\/www.amic.org.br\/blog\/a-importancia-da-saude-mental-e-do-bem-estar-emocional-das-criancas\/","url":"https:\/\/www.amic.org.br\/blog\/a-importancia-da-saude-mental-e-do-bem-estar-emocional-das-criancas\/","name":"A Import\u00e2ncia da Sa\u00fade Mental e do Bem-Estar Emocional das Crian\u00e7as - AMIC Blog","isPartOf":{"@id":"https:\/\/www.amic.org.br\/blog\/#website"},"primaryImageOfPage":{"@id":"https:\/\/www.amic.org.br\/blog\/a-importancia-da-saude-mental-e-do-bem-estar-emocional-das-criancas\/#primaryimage"},"image":{"@id":"https:\/\/www.amic.org.br\/blog\/a-importancia-da-saude-mental-e-do-bem-estar-emocional-das-criancas\/#primaryimage"},"thumbnailUrl":"https:\/\/www.amic.org.br\/blog\/wp-content\/uploads\/2024\/06\/importancia-saude-mental-criancas.jpg","datePublished":"2024-06-19T19:40:06+00:00","dateModified":"2024-06-19T19:40:09+00:00","author":{"@id":"https:\/\/www.amic.org.br\/blog\/#\/schema\/person\/07ff9fa97361612e39d7310f670c11e3"},"breadcrumb":{"@id":"https:\/\/www.amic.org.br\/blog\/a-importancia-da-saude-mental-e-do-bem-estar-emocional-das-criancas\/#breadcrumb"},"inLanguage":"pt-BR","potentialAction":[{"@type":"ReadAction","target":["https:\/\/www.amic.org.br\/blog\/a-importancia-da-saude-mental-e-do-bem-estar-emocional-das-criancas\/"]}]},{"@type":"ImageObject","inLanguage":"pt-BR","@id":"https:\/\/www.amic.org.br\/blog\/a-importancia-da-saude-mental-e-do-bem-estar-emocional-das-criancas\/#primaryimage","url":"https:\/\/www.amic.org.br\/blog\/wp-content\/uploads\/2024\/06\/importancia-saude-mental-criancas.jpg","contentUrl":"https:\/\/www.amic.org.br\/blog\/wp-content\/uploads\/2024\/06\/importancia-saude-mental-criancas.jpg","width":1080,"height":1080},{"@type":"BreadcrumbList","@id":"https:\/\/www.amic.org.br\/blog\/a-importancia-da-saude-mental-e-do-bem-estar-emocional-das-criancas\/#breadcrumb","itemListElement":[{"@type":"ListItem","position":1,"name":"In\u00edcio","item":"https:\/\/www.amic.org.br\/blog\/"},{"@type":"ListItem","position":2,"name":"A Import\u00e2ncia da Sa\u00fade Mental e do Bem-Estar Emocional das Crian\u00e7as"}]},{"@type":"WebSite","@id":"https:\/\/www.amic.org.br\/blog\/#website","url":"https:\/\/www.amic.org.br\/blog\/","name":"AMIC Blog","description":"Amigos da crian\u00e7a \u201cComo uma crian\u00e7a, amar\u201d","potentialAction":[{"@type":"SearchAction","target":{"@type":"EntryPoint","urlTemplate":"https:\/\/www.amic.org.br\/blog\/?s={search_term_string}"},"query-input":{"@type":"PropertyValueSpecification","valueRequired":true,"valueName":"search_term_string"}}],"inLanguage":"pt-BR"},{"@type":"Person","@id":"https:\/\/www.amic.org.br\/blog\/#\/schema\/person\/07ff9fa97361612e39d7310f670c11e3","name":"Praxys Web","image":{"@type":"ImageObject","inLanguage":"pt-BR","@id":"https:\/\/www.amic.org.br\/blog\/#\/schema\/person\/image\/","url":"http:\/\/2.gravatar.com\/avatar\/57c3da6cdc03af076e6f8a676b78876d?s=96&d=mm&r=g","contentUrl":"http:\/\/2.gravatar.com\/avatar\/57c3da6cdc03af076e6f8a676b78876d?s=96&d=mm&r=g","caption":"Praxys Web"},"url":"https:\/\/www.amic.org.br\/blog\/author\/praxys\/"}]}},"_links":{"self":[{"href":"https:\/\/www.amic.org.br\/blog\/wp-json\/wp\/v2\/posts\/157"}],"collection":[{"href":"https:\/\/www.amic.org.br\/blog\/wp-json\/wp\/v2\/posts"}],"about":[{"href":"https:\/\/www.amic.org.br\/blog\/wp-json\/wp\/v2\/types\/post"}],"author":[{"embeddable":true,"href":"https:\/\/www.amic.org.br\/blog\/wp-json\/wp\/v2\/users\/2"}],"replies":[{"embeddable":true,"href":"https:\/\/www.amic.org.br\/blog\/wp-json\/wp\/v2\/comments?post=157"}],"version-history":[{"count":1,"href":"https:\/\/www.amic.org.br\/blog\/wp-json\/wp\/v2\/posts\/157\/revisions"}],"predecessor-version":[{"id":159,"href":"https:\/\/www.amic.org.br\/blog\/wp-json\/wp\/v2\/posts\/157\/revisions\/159"}],"wp:featuredmedia":[{"embeddable":true,"href":"https:\/\/www.amic.org.br\/blog\/wp-json\/wp\/v2\/media\/158"}],"wp:attachment":[{"href":"https:\/\/www.amic.org.br\/blog\/wp-json\/wp\/v2\/media?parent=157"}],"wp:term":[{"taxonomy":"category","embeddable":true,"href":"https:\/\/www.amic.org.br\/blog\/wp-json\/wp\/v2\/categories?post=157"},{"taxonomy":"post_tag","embeddable":true,"href":"https:\/\/www.amic.org.br\/blog\/wp-json\/wp\/v2\/tags?post=157"}],"curies":[{"name":"wp","href":"https:\/\/api.w.org\/{rel}","templated":true}]}}